{"id":2311,"date":"2025-09-11T20:37:02","date_gmt":"2025-09-11T18:37:02","guid":{"rendered":"https:\/\/uhu.es\/coideso\/?p=2311"},"modified":"2025-09-11T20:39:11","modified_gmt":"2025-09-11T18:39:11","slug":"la-investigacion-participativa-como-via-hacia-una-investigacion-mas-ecologica-y-democratica-desafios-recursos-y-herramientas","status":"publish","type":"post","link":"https:\/\/uhu.es\/coideso\/?p=2311","title":{"rendered":"La investigaci\u00f3n participativa como v\u00eda hacia una investigaci\u00f3n m\u00e1s\u00a0ecol\u00f3gica y\u00a0democr\u00e1tica:\u00a0desaf\u00edos, recursos y\u00a0herramientas"},"content":{"rendered":"[et_pb_section fb_built=\u00bb1&#8243; admin_label=\u00bbsection\u00bb _builder_version=\u00bb4.16&#8243; global_colors_info=\u00bb{}\u00bb][et_pb_row admin_label=\u00bbrow\u00bb _builder_version=\u00bb4.16&#8243; background_size=\u00bbinitial\u00bb background_position=\u00bbtop_left\u00bb background_repeat=\u00bbrepeat\u00bb global_colors_info=\u00bb{}\u00bb][et_pb_column type=\u00bb4_4&#8243; _builder_version=\u00bb4.16&#8243; custom_padding=\u00bb|||\u00bb global_colors_info=\u00bb{}\u00bb custom_padding__hover=\u00bb|||\u00bb][et_pb_text admin_label=\u00bbText\u00bb _builder_version=\u00bb4.16&#8243; background_size=\u00bbinitial\u00bb background_position=\u00bbtop_left\u00bb background_repeat=\u00bbrepeat\u00bb global_colors_info=\u00bb{}\u00bb]<p><\/p>\n<p>El pr\u00f3ximo\u00a0<strong>lunes 22 de septiembre a las 10:00 horas<\/strong>, se celebrar\u00e1 una nueva\u00a0<strong>actividad formativa<\/strong>\u00a0promovida por <strong>COIDESO<\/strong>, impulsada por nuestra compa\u00f1era\u00a0<strong>Nuria Arenas<\/strong>, en el marco del microproyecto\u00a0<em>\u201cLa investigaci\u00f3n activista feminista: creando espacios transinclusivos y participativos para la justicia social\u201d<\/em>, liderado por las investigadoras\u00a0<strong>Nuria Arenas<\/strong>\u00a0y\u00a0<strong>Giulia Stillitano<\/strong>.<\/p>\n<p><\/p>\n<p><\/p>\n<p>Esta propuesta\u00a0<strong>transdisciplinaria<\/strong>\u00a0est\u00e1 especialmente dirigida al\u00a0<strong>profesorado<\/strong>\u00a0y al\u00a0<strong>personal en formaci\u00f3n<\/strong>\u00a0que desee profundizar en el uso y la aplicaci\u00f3n de la\u00a0<strong>metodolog\u00eda participativa<\/strong>, ofreciendo herramientas y recursos pr\u00e1cticos desde un enfoque feminista e inclusivo.<\/p>\n<p><\/p>\n<p><\/p>\n<p>La sesi\u00f3n se desarrollar\u00e1 en\u00a0<strong>modalidad presencial<\/strong>, en el\u00a0<strong>edificio del centro de investigaci\u00f3n<\/strong>, y tambi\u00e9n estar\u00e1 disponible\u00a0<strong>online<\/strong>\u00a0para quienes no puedan asistir en persona. El enlace para la conexi\u00f3n ser\u00e1 enviado a las personas inscritas previamente.<\/p>\n<p><\/p>\n<p><\/p>\n<blockquote>\n<p><strong>Inscripciones<\/strong>:<a href=\"%20COIDESO organiza una actividad formativa en el marco del microproyecto \u201cLa investigaci\u00f3n activista feminista: creando espacios transinclusivos y participativos para la justicia social\u201d, coordinado por las investigadoras Nuria Arenas y Giulia Stillitano.  Esta sesi\u00f3n se orienta al profesorado y al personal en formaci\u00f3n, con el objetivo de profundizar en el uso de metodolog\u00edas participativas aplicadas a contextos de investigaci\u00f3n social desde una perspectiva feminista, transinclusiva y orientada a la justicia social.  \ud83d\udcc5 Fecha: Lunes 22 de septiembre \ud83d\udd59 Hora: 10:00 h \ud83d\udccd Lugar: Edificio del Centro de Investigaci\u00f3n (modalidad presencial) y acceso online \ud83e\uddf0 Contenidos: Enfoque metodol\u00f3gico, herramientas pr\u00e1cticas y recursos para la investigaci\u00f3n participativa  \ud83d\udd17 Formulario de inscripci\u00f3n:https:\/\/docs.google.com\/forms\/d\/e\/1FAIpQLScOXEmF4pR2KYsiEqAFqiiHzERG45nucHhAjq7  4BYt3UXYkEQ\/viewform?usp=header  #Metodolog\u00edaParticipativa #Investigaci\u00f3nFeminista #JusticiaSocial #COIDESO #Formaci\u00f3nAcad\u00e9mica #Investigaci\u00f3nCr\u00edtica\"><span style=\"color: #e09900;\">\u00a0https:\/\/docs.google.com\/forms\/d\/e\/1FAIpQLScOXEmF4pR2KYsiEqAFqiiHzERG45nucHhAjq74BYt3UXYkEQ\/viewform?usp=header<\/span><\/a><\/p>\n<\/blockquote>\n<p><\/p>[\/et_pb_text][\/et_pb_column][\/et_pb_row][\/et_pb_section]","protected":false},"excerpt":{"rendered":"<p>El pr\u00f3ximo\u00a0lunes 22 de septiembre a las 10:00 horas, se celebrar\u00e1 una nueva\u00a0actividad formativa\u00a0promovida por COIDESO, impulsada por nuestra compa\u00f1era\u00a0Nuria Arenas, en el marco del microproyecto\u00a0\u201cLa investigaci\u00f3n activista feminista: creando espacios transinclusivos y participativos para la justicia social\u201d, liderado por las investigadoras\u00a0Nuria Arenas\u00a0y\u00a0Giulia Stillitano. Esta propuesta\u00a0transdisciplinaria\u00a0est\u00e1 especialmente dirigida al\u00a0profesorado\u00a0y al\u00a0personal en formaci\u00f3n\u00a0que desee profundizar en [&hellip;]<\/p>\n","protected":false},"author":2,"featured_media":2310,"comment_status":"closed","ping_status":"open","sticky":false,"template":"","format":"standard","meta":{"_et_pb_use_builder":"on","_et_pb_old_content":"<!-- wp:paragraph -->\n<p>El pr\u00f3ximo\u00a0<strong>lunes 22 de septiembre a las 10:00 horas<\/strong>, se celebrar\u00e1 una nueva\u00a0<strong>actividad formativa<\/strong>\u00a0promovida por <strong>COIDESO<\/strong>, impulsada por nuestra compa\u00f1era\u00a0<strong>Nuria Arenas<\/strong>, en el marco del microproyecto\u00a0<em>\u201cLa investigaci\u00f3n activista feminista: creando espacios transinclusivos y participativos para la justicia social\u201d<\/em>, liderado por las investigadoras\u00a0<strong>Nuria Arenas<\/strong>\u00a0y\u00a0<strong>Giulia Stillitano<\/strong>.<\/p>\n<!-- \/wp:paragraph -->\n\n<!-- wp:paragraph -->\n<p>Esta propuesta&nbsp;<strong>transdisciplinaria<\/strong>&nbsp;est\u00e1 especialmente dirigida al&nbsp;<strong>profesorado<\/strong>&nbsp;y al&nbsp;<strong>personal en formaci\u00f3n<\/strong>&nbsp;que desee profundizar en el uso y la aplicaci\u00f3n de la&nbsp;<strong>metodolog\u00eda participativa<\/strong>, ofreciendo herramientas y recursos pr\u00e1cticos desde un enfoque feminista e inclusivo.<\/p>\n<!-- \/wp:paragraph -->\n\n<!-- wp:paragraph -->\n<p>La sesi\u00f3n se desarrollar\u00e1 en&nbsp;<strong>modalidad presencial<\/strong>, en el&nbsp;<strong>edificio del centro de investigaci\u00f3n<\/strong>, y tambi\u00e9n estar\u00e1 disponible&nbsp;<strong>online<\/strong>&nbsp;para quienes no puedan asistir en persona. El enlace para la conexi\u00f3n ser\u00e1 enviado a las personas inscritas previamente.<\/p>\n<!-- \/wp:paragraph -->\n\n<!-- wp:paragraph -->\n<p><strong>Inscripciones<\/strong>:\u00a0<a href=\"https:\/\/docs.google.com\/forms\/d\/e\/1FAIpQLScOXEmF4pR2KYsiEqAFqiiHzERG45nucHhAjq7\" target=\"_blank\" rel=\"noreferrer noopener\">https:\/\/docs.google.com\/forms\/d\/e\/1FAIpQLScOXEmF4pR2KYsiEqAFqiiHzERG45nucHhAjq7<\/a>4BYt3UXYkEQ\/viewform?usp=header<\/p>\n<!-- \/wp:paragraph -->","_et_gb_content_width":"","footnotes":""},"categories":[23,17],"tags":[],"class_list":["post-2311","post","type-post","status-publish","format-standard","has-post-thumbnail","hentry","category-3-nodo-justicia-e-inclusion-social","category-noticia-agenda1"],"_links":{"self":[{"href":"https:\/\/uhu.es\/coideso\/index.php?rest_route=\/wp\/v2\/posts\/2311","targetHints":{"allow":["GET"]}}],"collection":[{"href":"https:\/\/uhu.es\/coideso\/index.php?rest_route=\/wp\/v2\/posts"}],"about":[{"href":"https:\/\/uhu.es\/coideso\/index.php?rest_route=\/wp\/v2\/types\/post"}],"author":[{"embeddable":true,"href":"https:\/\/uhu.es\/coideso\/index.php?rest_route=\/wp\/v2\/users\/2"}],"replies":[{"embeddable":true,"href":"https:\/\/uhu.es\/coideso\/index.php?rest_route=%2Fwp%2Fv2%2Fcomments&post=2311"}],"version-history":[{"count":3,"href":"https:\/\/uhu.es\/coideso\/index.php?rest_route=\/wp\/v2\/posts\/2311\/revisions"}],"predecessor-version":[{"id":2314,"href":"https:\/\/uhu.es\/coideso\/index.php?rest_route=\/wp\/v2\/posts\/2311\/revisions\/2314"}],"wp:featuredmedia":[{"embeddable":true,"href":"https:\/\/uhu.es\/coideso\/index.php?rest_route=\/wp\/v2\/media\/2310"}],"wp:attachment":[{"href":"https:\/\/uhu.es\/coideso\/index.php?rest_route=%2Fwp%2Fv2%2Fmedia&parent=2311"}],"wp:term":[{"taxonomy":"category","embeddable":true,"href":"https:\/\/uhu.es\/coideso\/index.php?rest_route=%2Fwp%2Fv2%2Fcategories&post=2311"},{"taxonomy":"post_tag","embeddable":true,"href":"https:\/\/uhu.es\/coideso\/index.php?rest_route=%2Fwp%2Fv2%2Ftags&post=2311"}],"curies":[{"name":"wp","href":"https:\/\/api.w.org\/{rel}","templated":true}]}}