{"id":2362,"date":"2025-10-14T20:54:37","date_gmt":"2025-10-14T18:54:37","guid":{"rendered":"https:\/\/uhu.es\/coideso\/?p=2362"},"modified":"2025-11-01T12:48:10","modified_gmt":"2025-11-01T11:48:10","slug":"fierro-suero-chano-recibe-el-accesit-del-premio-nacional-para-jovenes-investigadores","status":"publish","type":"post","link":"https:\/\/uhu.es\/coideso\/?p=2362","title":{"rendered":"Fierro Suero, Chano, recibe el Acc\u00e9sit del Premio Nacional para J\u00f3venes Investigadores"},"content":{"rendered":"[et_pb_section fb_built=\u00bb1&#8243; admin_label=\u00bbsection\u00bb _builder_version=\u00bb4.16&#8243; global_colors_info=\u00bb{}\u00bb][et_pb_row admin_label=\u00bbrow\u00bb _builder_version=\u00bb4.16&#8243; background_size=\u00bbinitial\u00bb background_position=\u00bbtop_left\u00bb background_repeat=\u00bbrepeat\u00bb global_colors_info=\u00bb{}\u00bb][et_pb_column type=\u00bb4_4&#8243; _builder_version=\u00bb4.16&#8243; custom_padding=\u00bb|||\u00bb global_colors_info=\u00bb{}\u00bb custom_padding__hover=\u00bb|||\u00bb][et_pb_text admin_label=\u00bbText\u00bb _builder_version=\u00bb4.16&#8243; background_size=\u00bbinitial\u00bb background_position=\u00bbtop_left\u00bb background_repeat=\u00bbrepeat\u00bb global_colors_info=\u00bb{}\u00bb]<p><\/p>\n<p>La Asociaci\u00f3n Espa\u00f1ola de Ciencias del Deporte ha distinguido con el Acc\u00e9sit del Premio Nacional para J\u00f3venes Investigadores en el \u00e1rea de Ense\u00f1anza del Deporte y de la Educaci\u00f3n F\u00edsica al investigador Sebasti\u00e1n Fierro Suero quien se ha mostrado muy agradecido: \u00abeste reconocimiento no se entender\u00eda sin la formaci\u00f3n (grado, m\u00e1steres y doctorado) y la trayectoria investigadora que he desarrollado \u00edntegramente en la Universidad de Huelva hasta hace unas semanas. Quiero expresar mi agradecimiento a mis directores de tesis, Pedro Sa\u00e9nz y Bartolom\u00e9 Almagro, y al grupo E-motion (HUM-643), as\u00ed como al profesorado de la Facultad que me ha acompa\u00f1ado en las distintas etapas\u00bb.<\/p>\n<p><\/p>\n<p><\/p>\n<p>Fierro Suero ha se\u00f1alado que este logro pone en valor la implantaci\u00f3n del grado en CCAFD y el trabajo realizado por la Facultad en estos a\u00f1os \u00aben un contexto en el que no son muchas las universidades (y menos del tama\u00f1o y juventud de la nuestra) que pueden presumir de hitos similares\u00bb.<\/p>\n<p><\/p>\n<p><\/p>\n<p>El investigador ha desarrollado una brillante trayectoria cient\u00edfica centrada en el an\u00e1lisis de los procesos motivacionales y emocionales en el \u00e1mbito de la Educaci\u00f3n F\u00edsica. Tras obtener el <strong>Premio Extraordinario de Fin de Grado y de M\u00e1ster<\/strong>, realiz\u00f3 su <strong>doctorado en Educaci\u00f3n y Ciencias Sociales en la Universidad de Huelva<\/strong> (menci\u00f3n internacional y calificaci\u00f3n <em>cum laude<\/em>), dentro del grupo de investigaci\u00f3n <em>E-motion (HUM-643)<\/em>, con una beca FPU del Ministerio de Ciencia, Innovaci\u00f3n y Universidades. Actualmente, se ha incorporado a la <strong>Universidad de Extremadura<\/strong> con un contrato <strong>Juan de la Cierva (JDC2023-052625)<\/strong> en el grupo <strong>ACAFYDE<\/strong>.<\/p>\n<p><\/p>\n<p><\/p>\n<p>Su producci\u00f3n cient\u00edfica es destacable: <strong>23 art\u00edculos publicados<\/strong> (17 indexados en <em>Web of Science<\/em>), <strong>3 libros<\/strong>, <strong>14 cap\u00edtulos<\/strong> (11 en editoriales SPI) y participaci\u00f3n en <strong>27 congresos<\/strong>, donde ha ofrecido <strong>9 conferencias invitadas<\/strong> y <strong>30 comunicaciones orales<\/strong>. Su impacto cient\u00edfico alcanza un <strong>\u00edndice h de 11 en Google Scholar<\/strong> y m\u00e1s de <strong>700 citas<\/strong>, situ\u00e1ndose en los percentiles superiores de impacto en su \u00e1rea.<\/p>\n<p><\/p>\n<p><\/p>\n<p>Ha formado parte de <strong>7 proyectos de investigaci\u00f3n<\/strong> financiados y ha sido reconocido con premios como el <strong>XXV Premio Nacional de Investigaci\u00f3n del Colegio Oficial de Licenciados en Educaci\u00f3n F\u00edsica de Andaluc\u00eda<\/strong>, el <strong>Sapere Aude Award<\/strong> y el <strong>Best Invited Speaker Award<\/strong> en el I Simposio Iberoamericano de Motivaci\u00f3n.<\/p>\n<p><\/p>\n<p><\/p>\n<p>Adem\u00e1s de su labor acad\u00e9mica, destaca su compromiso con la <strong>divulgaci\u00f3n cient\u00edfica y la transferencia social<\/strong>. Sus investigaciones han generado <strong>nuevas herramientas para medir variables motivacionales y emocionales<\/strong> en el aula, y sus resultados se han aplicado en <strong>proyectos de innovaci\u00f3n docente<\/strong> y en la formaci\u00f3n del profesorado. Ha participado en <strong>seminarios, talleres y cursos<\/strong> para docentes, y sus materiales divulgativos superan las <strong>37.000 descargas<\/strong>.<\/p>\n<p><\/p>\n<p><\/p>\n<p>En el \u00e1mbito internacional, ha realizado <strong>estancias de investigaci\u00f3n en universidades de Espa\u00f1a, B\u00e9lgica y Portugal<\/strong>, colaborando con referentes como las universidades de <strong>Ghent, Valencia y Beja<\/strong>, adem\u00e1s de realizar visitas Erasmus+ en distintos pa\u00edses. Es miembro activo de la <strong>Red Cient\u00edfica Internacional Edufis<\/strong>, que re\u00fane a m\u00e1s de 80 investigadores.<\/p>\n<p><\/p>\n<p><\/p>\n<p>Su trayectoria, caracterizada por la excelencia, la colaboraci\u00f3n internacional y el impacto social de su trabajo, lo sit\u00faa como una de las <strong>j\u00f3venes promesas de la investigaci\u00f3n educativa en Espa\u00f1a<\/strong>.<\/p>\n<p><\/p>\n<p><\/p>[\/et_pb_text][et_pb_image _builder_version=\u00bb4.17.3&#8243; _module_preset=\u00bbdefault\u00bb hover_enabled=\u00bb0&#8243; sticky_enabled=\u00bb0&#8243;][\/et_pb_image][\/et_pb_column][\/et_pb_row][\/et_pb_section]","protected":false},"excerpt":{"rendered":"<p>La Asociaci\u00f3n Espa\u00f1ola de Ciencias del Deporte ha distinguido con el Acc\u00e9sit del Premio Nacional para J\u00f3venes Investigadores en el \u00e1rea de Ense\u00f1anza del Deporte y de la Educaci\u00f3n F\u00edsica al investigador Sebasti\u00e1n Fierro Suero quien se ha mostrado muy agradecido: \u00abeste reconocimiento no se entender\u00eda sin la formaci\u00f3n (grado, m\u00e1steres y doctorado) y la [&hellip;]<\/p>\n","protected":false},"author":2,"featured_media":2364,"comment_status":"closed","ping_status":"open","sticky":false,"template":"","format":"standard","meta":{"_et_pb_use_builder":"on","_et_pb_old_content":"<!-- wp:paragraph -->\n<p>La Asociaci\u00f3n Espa\u00f1ola de Ciencias del Deporte ha distinguido con el Acc\u00e9sit del Premio Nacional para J\u00f3venes Investigadores en el \u00e1rea de Ense\u00f1anza del Deporte y de la Educaci\u00f3n F\u00edsica al investigador Sebasti\u00e1n Fierro Suero quien se ha mostrado muy agradecido: \"este reconocimiento no se entender\u00eda sin la formaci\u00f3n (grado, m\u00e1steres y doctorado) y la trayectoria investigadora que he desarrollado \u00edntegramente en la Universidad de Huelva hasta hace unas semanas. Quiero expresar mi agradecimiento a mis directores de tesis, Pedro Sa\u00e9nz y Bartolom\u00e9 Almagro, y al grupo E-motion (HUM-643), as\u00ed como al profesorado de la Facultad que me ha acompa\u00f1ado en las distintas etapas\".<\/p>\n<!-- \/wp:paragraph -->\n\n<!-- wp:paragraph -->\n<p>Fierro Suero ha se\u00f1alado que este logro pone en valor la implantaci\u00f3n del grado en CCAFD y el trabajo realizado por la Facultad en estos a\u00f1os \"en un contexto en el que no son muchas las universidades (y menos del tama\u00f1o y juventud de la nuestra) que pueden presumir de hitos similares\". <\/p>\n<!-- \/wp:paragraph -->\n\n<!-- wp:paragraph -->\n<p>El investigador ha desarrollado una brillante trayectoria cient\u00edfica centrada en el an\u00e1lisis de los procesos motivacionales y emocionales en el \u00e1mbito de la Educaci\u00f3n F\u00edsica. Tras obtener el <strong>Premio Extraordinario de Fin de Grado y de M\u00e1ster<\/strong>, realiz\u00f3 su <strong>doctorado en Educaci\u00f3n y Ciencias Sociales en la Universidad de Huelva<\/strong> (menci\u00f3n internacional y calificaci\u00f3n <em>cum laude<\/em>), dentro del grupo de investigaci\u00f3n <em>E-motion (HUM-643)<\/em>, con una beca FPU del Ministerio de Ciencia, Innovaci\u00f3n y Universidades. Actualmente, se ha incorporado a la <strong>Universidad de Extremadura<\/strong> con un contrato <strong>Juan de la Cierva (JDC2023-052625)<\/strong> en el grupo <strong>ACAFYDE<\/strong>.<\/p>\n<!-- \/wp:paragraph -->\n\n<!-- wp:paragraph -->\n<p>Su producci\u00f3n cient\u00edfica es destacable: <strong>23 art\u00edculos publicados<\/strong> (17 indexados en <em>Web of Science<\/em>), <strong>3 libros<\/strong>, <strong>14 cap\u00edtulos<\/strong> (11 en editoriales SPI) y participaci\u00f3n en <strong>27 congresos<\/strong>, donde ha ofrecido <strong>9 conferencias invitadas<\/strong> y <strong>30 comunicaciones orales<\/strong>. Su impacto cient\u00edfico alcanza un <strong>\u00edndice h de 11 en Google Scholar<\/strong> y m\u00e1s de <strong>700 citas<\/strong>, situ\u00e1ndose en los percentiles superiores de impacto en su \u00e1rea.<\/p>\n<!-- \/wp:paragraph -->\n\n<!-- wp:paragraph -->\n<p>Ha formado parte de <strong>7 proyectos de investigaci\u00f3n<\/strong> financiados y ha sido reconocido con premios como el <strong>XXV Premio Nacional de Investigaci\u00f3n del Colegio Oficial de Licenciados en Educaci\u00f3n F\u00edsica de Andaluc\u00eda<\/strong>, el <strong>Sapere Aude Award<\/strong> y el <strong>Best Invited Speaker Award<\/strong> en el I Simposio Iberoamericano de Motivaci\u00f3n.<\/p>\n<!-- \/wp:paragraph -->\n\n<!-- wp:paragraph -->\n<p>Adem\u00e1s de su labor acad\u00e9mica, destaca su compromiso con la <strong>divulgaci\u00f3n cient\u00edfica y la transferencia social<\/strong>. Sus investigaciones han generado <strong>nuevas herramientas para medir variables motivacionales y emocionales<\/strong> en el aula, y sus resultados se han aplicado en <strong>proyectos de innovaci\u00f3n docente<\/strong> y en la formaci\u00f3n del profesorado. Ha participado en <strong>seminarios, talleres y cursos<\/strong> para docentes, y sus materiales divulgativos superan las <strong>37.000 descargas<\/strong>.<\/p>\n<!-- \/wp:paragraph -->\n\n<!-- wp:paragraph -->\n<p>En el \u00e1mbito internacional, ha realizado <strong>estancias de investigaci\u00f3n en universidades de Espa\u00f1a, B\u00e9lgica y Portugal<\/strong>, colaborando con referentes como las universidades de <strong>Ghent, Valencia y Beja<\/strong>, adem\u00e1s de realizar visitas Erasmus+ en distintos pa\u00edses. Es miembro activo de la <strong>Red Cient\u00edfica Internacional Edufis<\/strong>, que re\u00fane a m\u00e1s de 80 investigadores.<\/p>\n<!-- \/wp:paragraph -->\n\n<!-- wp:paragraph -->\n<p>Su trayectoria, caracterizada por la excelencia, la colaboraci\u00f3n internacional y el impacto social de su trabajo, lo sit\u00faa como una de las <strong>j\u00f3venes promesas de la investigaci\u00f3n educativa en Espa\u00f1a<\/strong>.<\/p>\n<!-- \/wp:paragraph -->\n\n<!-- wp:image {\"id\":2363,\"sizeSlug\":\"full\",\"linkDestination\":\"none\"} -->\n<figure class=\"wp-block-image size-full\"><img src=\"https:\/\/uhu.es\/coideso\/wp-content\/uploads\/2025\/10\/diploma-asociacion-espanola.jpg\" alt=\"\" class=\"wp-image-2363\"\/><\/figure>\n<!-- \/wp:image -->","_et_gb_content_width":"","footnotes":""},"categories":[34,14],"tags":[300,296,101,297,83,298,127,299],"class_list":["post-2362","post","type-post","status-publish","format-standard","has-post-thumbnail","hentry","category-impacto-social","category-noticias-destacadas","tag-aecd","tag-ciencias-del-deporte","tag-coideso","tag-investigacioin","tag-salud-publica","tag-sebastian-fierro-suero","tag-universidad-de-huelva","tag-universitas-miguel-hernandez"],"_links":{"self":[{"href":"https:\/\/uhu.es\/coideso\/index.php?rest_route=\/wp\/v2\/posts\/2362","targetHints":{"allow":["GET"]}}],"collection":[{"href":"https:\/\/uhu.es\/coideso\/index.php?rest_route=\/wp\/v2\/posts"}],"about":[{"href":"https:\/\/uhu.es\/coideso\/index.php?rest_route=\/wp\/v2\/types\/post"}],"author":[{"embeddable":true,"href":"https:\/\/uhu.es\/coideso\/index.php?rest_route=\/wp\/v2\/users\/2"}],"replies":[{"embeddable":true,"href":"https:\/\/uhu.es\/coideso\/index.php?rest_route=%2Fwp%2Fv2%2Fcomments&post=2362"}],"version-history":[{"count":3,"href":"https:\/\/uhu.es\/coideso\/index.php?rest_route=\/wp\/v2\/posts\/2362\/revisions"}],"predecessor-version":[{"id":2413,"href":"https:\/\/uhu.es\/coideso\/index.php?rest_route=\/wp\/v2\/posts\/2362\/revisions\/2413"}],"wp:featuredmedia":[{"embeddable":true,"href":"https:\/\/uhu.es\/coideso\/index.php?rest_route=\/wp\/v2\/media\/2364"}],"wp:attachment":[{"href":"https:\/\/uhu.es\/coideso\/index.php?rest_route=%2Fwp%2Fv2%2Fmedia&parent=2362"}],"wp:term":[{"taxonomy":"category","embeddable":true,"href":"https:\/\/uhu.es\/coideso\/index.php?rest_route=%2Fwp%2Fv2%2Fcategories&post=2362"},{"taxonomy":"post_tag","embeddable":true,"href":"https:\/\/uhu.es\/coideso\/index.php?rest_route=%2Fwp%2Fv2%2Ftags&post=2362"}],"curies":[{"name":"wp","href":"https:\/\/api.w.org\/{rel}","templated":true}]}}