{"id":2753,"date":"2026-03-16T14:01:23","date_gmt":"2026-03-16T13:01:23","guid":{"rendered":"https:\/\/uhu.es\/coideso\/?p=2753"},"modified":"2026-03-19T11:51:45","modified_gmt":"2026-03-19T10:51:45","slug":"estancia-doctoral-de-cesar-dario-guisao-varela-en-la-onubense","status":"publish","type":"post","link":"https:\/\/uhu.es\/coideso\/?p=2753","title":{"rendered":"Estancia doctoral de Cesar Dar\u00edo Guisao Varela en La Onubense"},"content":{"rendered":"\n<p>Entre septiembre y noviembre de 2025, el doctorando <strong>Cesar Dar\u00edo Guisao Varela<\/strong> realiz\u00f3 una estancia doctoral en la Universidad de Huelva, en el marco de la Resoluci\u00f3n Rectoral 289\/2024 de la Universidad Internacional de Andaluc\u00eda. La estancia se desarroll\u00f3 bajo la direcci\u00f3n de los doctores Emilio Jos\u00e9 Delgado Algarra y Jes\u00fas Estepa Jim\u00e9nez y tuvo como objetivo principal fortalecer los avances conceptuales, metodol\u00f3gicos y anal\u00edticos de la investigaci\u00f3n doctoral.<\/p>\n\n\n\n<p>Durante este periodo, el doctorando particip\u00f3 en diversas actividades acad\u00e9micas y formativas organizadas por la universidad y por el Centro de Investigaci\u00f3n en Pensamiento Contempor\u00e1neo e Innovaci\u00f3n para el Desarrollo Social (COIDESO), entre ellas defensas de tesis doctorales, seminarios del programa de doctorado IEACAD, conferencias acad\u00e9micas y encuentros de investigaci\u00f3n. Estas actividades contribuyeron al desarrollo de su formaci\u00f3n investigadora y a la comprensi\u00f3n de los procesos metodol\u00f3gicos y acad\u00e9micos propios de la investigaci\u00f3n doctoral.<\/p>\n\n\n\n<p>Asimismo, se llevaron a cabo reuniones peri\u00f3dicas de asesor\u00eda con los directores de tesis, en las que se revisaron avances relacionados con el <strong>marco te\u00f3rico, el marco metodol\u00f3gico y el an\u00e1lisis preliminar de la informaci\u00f3n<\/strong> obtenida en la investigaci\u00f3n. Entre los progresos m\u00e1s relevantes se encuentra la elaboraci\u00f3n de un primer borrador de estos apartados y el desarrollo de una revisi\u00f3n sistem\u00e1tica de literatura en bases de datos acad\u00e9micas.<\/p>\n\n\n\n<p>En el marco del seminario <strong>&#8216;De la ciudadan\u00eda global a la ruralidad: nuevas rutas en la investigaci\u00f3n educativa<\/strong>&#8216;, el doctorando present\u00f3 avances de su investigaci\u00f3n, centrada en el an\u00e1lisis de la relaci\u00f3n entre <strong>pol\u00edticas p\u00fablicas de juventud, participaci\u00f3n democr\u00e1tica y formaci\u00f3n ciudadana en Medell\u00edn<\/strong>. El estudio combina an\u00e1lisis documental, entrevistas y grupos focales con actores educativos e institucionales.<\/p>\n\n\n\n<div class=\"wp-block-group is-nowrap is-layout-flex wp-container-core-group-is-layout-1 wp-block-group-is-layout-flex\">\n<figure class=\"wp-block-gallery has-nested-images columns-default is-cropped wp-block-gallery-1 is-layout-flex wp-block-gallery-is-layout-flex\">\n<figure class=\"wp-block-image size-large\"><img loading=\"lazy\" decoding=\"async\" width=\"770\" height=\"1024\" src=\"https:\/\/uhu.es\/coideso\/wp-content\/uploads\/2026\/03\/6e6ec69e-2ba0-412b-9875-72149db1f34a-770x1024.jpg\" alt=\"\" class=\"wp-image-2791\" srcset=\"https:\/\/uhu.es\/coideso\/wp-content\/uploads\/2026\/03\/6e6ec69e-2ba0-412b-9875-72149db1f34a-770x1024.jpg 770w, https:\/\/uhu.es\/coideso\/wp-content\/uploads\/2026\/03\/6e6ec69e-2ba0-412b-9875-72149db1f34a-480x638.jpg 480w\" sizes=\"auto, (min-width: 0px) and (max-width: 480px) 480px, (min-width: 481px) 770px, 100vw\" \/><\/figure>\n\n\n\n<figure class=\"wp-block-image size-large\"><img loading=\"lazy\" decoding=\"async\" width=\"771\" height=\"1024\" src=\"https:\/\/uhu.es\/coideso\/wp-content\/uploads\/2026\/03\/c8ad6652-cd20-4517-98ab-fd098d3c93b6-771x1024.jpg\" alt=\"\" class=\"wp-image-2790\"\/><\/figure>\n\n\n\n<figure class=\"wp-block-image size-large\"><img loading=\"lazy\" decoding=\"async\" width=\"1024\" height=\"771\" src=\"https:\/\/uhu.es\/coideso\/wp-content\/uploads\/2026\/03\/03ae3a3a-aead-4651-a3ac-7f063b8608c7-1024x771.jpg\" alt=\"\" class=\"wp-image-2789\" srcset=\"https:\/\/uhu.es\/coideso\/wp-content\/uploads\/2026\/03\/03ae3a3a-aead-4651-a3ac-7f063b8608c7-980x737.jpg 980w, https:\/\/uhu.es\/coideso\/wp-content\/uploads\/2026\/03\/03ae3a3a-aead-4651-a3ac-7f063b8608c7-480x361.jpg 480w\" sizes=\"auto, (min-width: 0px) and (max-width: 480px) 480px, (min-width: 481px) and (max-width: 980px) 980px, (min-width: 981px) 1024px, 100vw\" \/><\/figure>\n\n\n\n<figure class=\"wp-block-image size-large\"><img loading=\"lazy\" decoding=\"async\" width=\"1024\" height=\"760\" src=\"https:\/\/uhu.es\/coideso\/wp-content\/uploads\/2026\/03\/f608cb93-4b12-4479-84f1-c54a518f2cc9-1024x760.jpg\" alt=\"\" class=\"wp-image-2788\" srcset=\"https:\/\/uhu.es\/coideso\/wp-content\/uploads\/2026\/03\/f608cb93-4b12-4479-84f1-c54a518f2cc9-980x727.jpg 980w, https:\/\/uhu.es\/coideso\/wp-content\/uploads\/2026\/03\/f608cb93-4b12-4479-84f1-c54a518f2cc9-480x356.jpg 480w\" sizes=\"auto, (min-width: 0px) and (max-width: 480px) 480px, (min-width: 481px) and (max-width: 980px) 980px, (min-width: 981px) 1024px, 100vw\" \/><\/figure>\n<\/figure>\n<\/div>\n\n\n\n<p>Finalmente, la estancia permiti\u00f3 consolidar avances significativos en el proceso de investigaci\u00f3n, as\u00ed como iniciar la preparaci\u00f3n de un <strong>art\u00edculo cient\u00edfico sobre pol\u00edticas de juventud y formaci\u00f3n ciudadana en Colombia<\/strong>, con vistas a su publicaci\u00f3n en revistas especializadas en educaci\u00f3n y pedagog\u00eda.<\/p>\n","protected":false},"excerpt":{"rendered":"<p>Entre septiembre y noviembre de 2025, el doctorando Cesar Dar\u00edo Guisao Varela realiz\u00f3 una estancia doctoral en la Universidad de Huelva, en el marco de la Resoluci\u00f3n Rectoral 289\/2024 de la Universidad Internacional de Andaluc\u00eda. La estancia se desarroll\u00f3 bajo la direcci\u00f3n de los doctores Emilio Jos\u00e9 Delgado Algarra y Jes\u00fas Estepa Jim\u00e9nez y tuvo [&hellip;]<\/p>\n","protected":false},"author":2,"featured_media":2790,"comment_status":"closed","ping_status":"open","sticky":false,"template":"","format":"standard","meta":{"_et_pb_use_builder":"off","_et_pb_old_content":"","_et_gb_content_width":"","footnotes":""},"categories":[22,106,109,15],"tags":[],"class_list":["post-2753","post","type-post","status-publish","format-standard","has-post-thumbnail","hentry","category-2-nodo-educacion-transformadora","category-estancias","category-noticia-destacada3","category-noticias"],"_links":{"self":[{"href":"https:\/\/uhu.es\/coideso\/index.php?rest_route=\/wp\/v2\/posts\/2753","targetHints":{"allow":["GET"]}}],"collection":[{"href":"https:\/\/uhu.es\/coideso\/index.php?rest_route=\/wp\/v2\/posts"}],"about":[{"href":"https:\/\/uhu.es\/coideso\/index.php?rest_route=\/wp\/v2\/types\/post"}],"author":[{"embeddable":true,"href":"https:\/\/uhu.es\/coideso\/index.php?rest_route=\/wp\/v2\/users\/2"}],"replies":[{"embeddable":true,"href":"https:\/\/uhu.es\/coideso\/index.php?rest_route=%2Fwp%2Fv2%2Fcomments&post=2753"}],"version-history":[{"count":2,"href":"https:\/\/uhu.es\/coideso\/index.php?rest_route=\/wp\/v2\/posts\/2753\/revisions"}],"predecessor-version":[{"id":2793,"href":"https:\/\/uhu.es\/coideso\/index.php?rest_route=\/wp\/v2\/posts\/2753\/revisions\/2793"}],"wp:featuredmedia":[{"embeddable":true,"href":"https:\/\/uhu.es\/coideso\/index.php?rest_route=\/wp\/v2\/media\/2790"}],"wp:attachment":[{"href":"https:\/\/uhu.es\/coideso\/index.php?rest_route=%2Fwp%2Fv2%2Fmedia&parent=2753"}],"wp:term":[{"taxonomy":"category","embeddable":true,"href":"https:\/\/uhu.es\/coideso\/index.php?rest_route=%2Fwp%2Fv2%2Fcategories&post=2753"},{"taxonomy":"post_tag","embeddable":true,"href":"https:\/\/uhu.es\/coideso\/index.php?rest_route=%2Fwp%2Fv2%2Ftags&post=2753"}],"curies":[{"name":"wp","href":"https:\/\/api.w.org\/{rel}","templated":true}]}}