{"id":2865,"date":"2026-04-27T11:26:44","date_gmt":"2026-04-27T09:26:44","guid":{"rendered":"https:\/\/uhu.es\/coideso\/?p=2865"},"modified":"2026-04-27T11:26:45","modified_gmt":"2026-04-27T09:26:45","slug":"coideso-participa-en-la-ii-edicion-de-la-feria-de-la-ciencia-de-huelva","status":"publish","type":"post","link":"https:\/\/uhu.es\/coideso\/?p=2865","title":{"rendered":"COIDESO participa en la II Edici\u00f3n de la Feria de la Ciencia de Huelva"},"content":{"rendered":"\n<p><\/p>\n\n\n\n<p>El centro\u00a0<strong>COIDESO<\/strong>\u00a0particip\u00f3 recientemente en la\u00a0<strong>Feria de la Ciencia de Huelva<\/strong>, un espacio de encuentro entre educaci\u00f3n, investigaci\u00f3n y ciudadan\u00eda celebrado en el Espacio Santa Fe de la capital. <\/p>\n\n\n\n<p>El evento fue organizado por la&nbsp;<strong>Consejer\u00eda de Desarrollo Educativo y Formaci\u00f3n Profesional de la Junta de Andaluc\u00eda<\/strong>&nbsp;y coordinado junto con la&nbsp;<strong>Universidad de Huelva<\/strong>, el&nbsp;<strong>CEP Huelva-Isla Cristina<\/strong>&nbsp;y la&nbsp;<strong>Fundaci\u00f3n Descubre<\/strong>.<\/p>\n\n\n\n<p>La feria se concibi\u00f3 como un espacio de colaboraci\u00f3n entre centros educativos, centros de investigaci\u00f3n, empresas, instituciones y la ciudadan\u00eda, con el prop\u00f3sito de acercar la ciencia a la sociedad desde una perspectiva participativa, inclusiva y experiencial.<\/p>\n\n\n\n<p>Entre los objetivos del encuentro destacan fomentar una ense\u00f1anza din\u00e1mica y atractiva basada en el aprendizaje activo y experimental, estimular la curiosidad y el pensamiento cr\u00edtico del estudiantado mediante la investigaci\u00f3n, generar sinergias entre la escuela y la universidad, fortaleciendo el v\u00ednculo entre etapas educativas, fomentar vocaciones cient\u00edficas e investigadoras en la juventud y contribuir a eliminar barreras sociales y de g\u00e9nero en la ciencia, promoviendo una cultura cient\u00edfica inclusiva.<\/p>\n\n\n\n<p>Esta acci\u00f3n se enmarca en el&nbsp;<strong>Plan Anual de Divulgaci\u00f3n Cient\u00edfica<\/strong>, aprobado en la convocatoria de ayudas para el fomento de la cultura cient\u00edfica, tecnol\u00f3gica y de la innovaci\u00f3n de la&nbsp;<strong>Fundaci\u00f3n Espa\u00f1ola para la Ciencia y la Tecnolog\u00eda (FECYT)<\/strong>, perteneciente al&nbsp;<strong>Ministerio de Ciencia, Innovaci\u00f3n y Universidades<\/strong>.<\/p>\n\n\n\n<figure class=\"wp-block-gallery has-nested-images columns-default is-cropped wp-block-gallery-1 is-layout-flex wp-block-gallery-is-layout-flex\">\n<figure class=\"wp-block-image size-large\"><img loading=\"lazy\" decoding=\"async\" width=\"1024\" height=\"768\" data-id=\"2870\" src=\"https:\/\/uhu.es\/coideso\/wp-content\/uploads\/2026\/04\/Feria-de-la-ciencia-5-1024x768.jpeg\" alt=\"\" class=\"wp-image-2870\" srcset=\"https:\/\/uhu.es\/coideso\/wp-content\/uploads\/2026\/04\/Feria-de-la-ciencia-5-980x735.jpeg 980w, https:\/\/uhu.es\/coideso\/wp-content\/uploads\/2026\/04\/Feria-de-la-ciencia-5-480x360.jpeg 480w\" sizes=\"auto, (min-width: 0px) and (max-width: 480px) 480px, (min-width: 481px) and (max-width: 980px) 980px, (min-width: 981px) 1024px, 100vw\" \/><figcaption class=\"wp-element-caption\">Feria de la Ciencia de Huelva<\/figcaption><\/figure>\n\n\n\n<figure class=\"wp-block-image size-large\"><img loading=\"lazy\" decoding=\"async\" width=\"1024\" height=\"768\" data-id=\"2869\" src=\"https:\/\/uhu.es\/coideso\/wp-content\/uploads\/2026\/04\/Feria-de-la-ciencia-2-1024x768.jpeg\" alt=\"\" class=\"wp-image-2869\" srcset=\"https:\/\/uhu.es\/coideso\/wp-content\/uploads\/2026\/04\/Feria-de-la-ciencia-2-980x735.jpeg 980w, https:\/\/uhu.es\/coideso\/wp-content\/uploads\/2026\/04\/Feria-de-la-ciencia-2-480x360.jpeg 480w\" sizes=\"auto, (min-width: 0px) and (max-width: 480px) 480px, (min-width: 481px) and (max-width: 980px) 980px, (min-width: 981px) 1024px, 100vw\" \/><figcaption class=\"wp-element-caption\">Feria de la Ciencia de Huelva<\/figcaption><\/figure>\n\n\n\n<figure class=\"wp-block-image size-large\"><img loading=\"lazy\" decoding=\"async\" width=\"1024\" height=\"768\" data-id=\"2868\" src=\"https:\/\/uhu.es\/coideso\/wp-content\/uploads\/2026\/04\/Feria-de-la-ciencia-1-1024x768.jpeg\" alt=\"\" class=\"wp-image-2868\" srcset=\"https:\/\/uhu.es\/coideso\/wp-content\/uploads\/2026\/04\/Feria-de-la-ciencia-1-980x735.jpeg 980w, https:\/\/uhu.es\/coideso\/wp-content\/uploads\/2026\/04\/Feria-de-la-ciencia-1-480x360.jpeg 480w\" sizes=\"auto, (min-width: 0px) and (max-width: 480px) 480px, (min-width: 481px) and (max-width: 980px) 980px, (min-width: 981px) 1024px, 100vw\" \/><figcaption class=\"wp-element-caption\">Feria de la Ciencia de Huelva<\/figcaption><\/figure>\n\n\n\n<figure class=\"wp-block-image size-large\"><img loading=\"lazy\" decoding=\"async\" width=\"1024\" height=\"769\" data-id=\"2867\" src=\"https:\/\/uhu.es\/coideso\/wp-content\/uploads\/2026\/04\/Feria-de-la-ciencia-4-1024x769.jpeg\" alt=\"\" class=\"wp-image-2867\" srcset=\"https:\/\/uhu.es\/coideso\/wp-content\/uploads\/2026\/04\/Feria-de-la-ciencia-4-980x735.jpeg 980w, https:\/\/uhu.es\/coideso\/wp-content\/uploads\/2026\/04\/Feria-de-la-ciencia-4-480x360.jpeg 480w\" sizes=\"auto, (min-width: 0px) and (max-width: 480px) 480px, (min-width: 481px) and (max-width: 980px) 980px, (min-width: 981px) 1024px, 100vw\" \/><figcaption class=\"wp-element-caption\">Feria de la Ciencia de Huelva<\/figcaption><\/figure>\n\n\n\n<figure class=\"wp-block-image size-large\"><img loading=\"lazy\" decoding=\"async\" width=\"1024\" height=\"710\" data-id=\"2866\" src=\"https:\/\/uhu.es\/coideso\/wp-content\/uploads\/2026\/04\/Feria-de-la-ciencia-3-1024x710.jpeg\" alt=\"\" class=\"wp-image-2866\" srcset=\"https:\/\/uhu.es\/coideso\/wp-content\/uploads\/2026\/04\/Feria-de-la-ciencia-3-1024x710.jpeg 1024w, https:\/\/uhu.es\/coideso\/wp-content\/uploads\/2026\/04\/Feria-de-la-ciencia-3-980x679.jpeg 980w, https:\/\/uhu.es\/coideso\/wp-content\/uploads\/2026\/04\/Feria-de-la-ciencia-3-480x333.jpeg 480w\" sizes=\"auto, (min-width: 0px) and (max-width: 480px) 480px, (min-width: 481px) and (max-width: 980px) 980px, (min-width: 981px) 1024px, 100vw\" \/><figcaption class=\"wp-element-caption\">Feria de la Ciencia de Huelva<\/figcaption><\/figure>\n<\/figure>\n","protected":false},"excerpt":{"rendered":"<p>El centro\u00a0COIDESO\u00a0particip\u00f3 recientemente en la\u00a0Feria de la Ciencia de Huelva, un espacio de encuentro entre educaci\u00f3n, investigaci\u00f3n y ciudadan\u00eda celebrado en el Espacio Santa Fe de la capital. El evento fue organizado por la&nbsp;Consejer\u00eda de Desarrollo Educativo y Formaci\u00f3n Profesional de la Junta de Andaluc\u00eda&nbsp;y coordinado junto con la&nbsp;Universidad de Huelva, el&nbsp;CEP Huelva-Isla Cristina&nbsp;y la&nbsp;Fundaci\u00f3n [&hellip;]<\/p>\n","protected":false},"author":2,"featured_media":2866,"comment_status":"closed","ping_status":"open","sticky":false,"template":"","format":"standard","meta":{"_et_pb_use_builder":"off","_et_pb_old_content":"","_et_gb_content_width":"","footnotes":""},"categories":[22,110,15],"tags":[702,703,101,698,699,579,697,701,345,700],"class_list":["post-2865","post","type-post","status-publish","format-standard","has-post-thumbnail","hentry","category-2-nodo-educacion-transformadora","category-noticia-destacada4","category-noticias","tag-aprendizajeactivo","tag-cienciainclusiva","tag-coideso","tag-culturacientifica","tag-divulgacioncientifica-2","tag-fecyt","tag-feriadelaciencia","tag-pensamientocritico","tag-universidaddehuelva","tag-vocacionescientificas"],"_links":{"self":[{"href":"https:\/\/uhu.es\/coideso\/index.php?rest_route=\/wp\/v2\/posts\/2865","targetHints":{"allow":["GET"]}}],"collection":[{"href":"https:\/\/uhu.es\/coideso\/index.php?rest_route=\/wp\/v2\/posts"}],"about":[{"href":"https:\/\/uhu.es\/coideso\/index.php?rest_route=\/wp\/v2\/types\/post"}],"author":[{"embeddable":true,"href":"https:\/\/uhu.es\/coideso\/index.php?rest_route=\/wp\/v2\/users\/2"}],"replies":[{"embeddable":true,"href":"https:\/\/uhu.es\/coideso\/index.php?rest_route=%2Fwp%2Fv2%2Fcomments&post=2865"}],"version-history":[{"count":1,"href":"https:\/\/uhu.es\/coideso\/index.php?rest_route=\/wp\/v2\/posts\/2865\/revisions"}],"predecessor-version":[{"id":2871,"href":"https:\/\/uhu.es\/coideso\/index.php?rest_route=\/wp\/v2\/posts\/2865\/revisions\/2871"}],"wp:featuredmedia":[{"embeddable":true,"href":"https:\/\/uhu.es\/coideso\/index.php?rest_route=\/wp\/v2\/media\/2866"}],"wp:attachment":[{"href":"https:\/\/uhu.es\/coideso\/index.php?rest_route=%2Fwp%2Fv2%2Fmedia&parent=2865"}],"wp:term":[{"taxonomy":"category","embeddable":true,"href":"https:\/\/uhu.es\/coideso\/index.php?rest_route=%2Fwp%2Fv2%2Fcategories&post=2865"},{"taxonomy":"post_tag","embeddable":true,"href":"https:\/\/uhu.es\/coideso\/index.php?rest_route=%2Fwp%2Fv2%2Ftags&post=2865"}],"curies":[{"name":"wp","href":"https:\/\/api.w.org\/{rel}","templated":true}]}}