{"id":2872,"date":"2026-04-30T10:11:05","date_gmt":"2026-04-30T08:11:05","guid":{"rendered":"https:\/\/uhu.es\/coideso\/?p=2872"},"modified":"2026-04-30T10:24:13","modified_gmt":"2026-04-30T08:24:13","slug":"viii-jornadas-internacionales-de-competencia-cultural-al-final-de-la-vida","status":"publish","type":"post","link":"https:\/\/uhu.es\/coideso\/?p=2872","title":{"rendered":"VIII Jornadas Internacionales de Competencia Cultural al Final de la Vida"},"content":{"rendered":"\n<p>Coideso, a trav\u00e9s de la Direcci\u00f3n de Salud,  convoca a la comunidad universitaria y profesional a participar en las\u00a0<strong>VIII Jornadas Internacionales de Competencia Cultural al Final de la Vida: &#8216;Acompa\u00f1ando la vulnerabilidad<\/strong>&#8216;, que se celebrar\u00e1n el pr\u00f3ximo\u00a0<strong>14 de mayo<\/strong>\u00a0en el Sal\u00f3n de Grados de la Facultad de Ciencias Experimentales.<\/p>\n\n\n\n<p>Estas jornadas, organizadas junto al Grupo de Investigaci\u00f3n&nbsp;AFLV (Afrontamiento al final de la vida. Investiga+)&nbsp;de la&nbsp;Junta de Andaluc\u00eda&nbsp;y el equipo de&nbsp;Borderless Compassion Community, cuentan con la colaboraci\u00f3n del Consejo Social, la Unidad de Cultura Cient\u00edfica y el&nbsp;Colegio Oficial de Enfermer\u00eda de Huelv<strong>a<\/strong>.<\/p>\n\n\n\n<p>Tras el impacto acad\u00e9mico, profesional y social de ediciones anteriores, esta nueva convocatoria reafirma su compromiso con la sensibilizaci\u00f3n en torno a la necesidad de&nbsp;<strong>normalizar el proceso de la muerte<\/strong>&nbsp;y poner en valor el&nbsp;<strong>acompa\u00f1amiento profesional al final de la vida<\/strong>. En un contexto globalizado, se hace imprescindible abordar este fen\u00f3meno desde una perspectiva cultural que promueva la competencia cultural y fomente la pr\u00e1ctica de la compasi\u00f3n a nivel individual y colectivo.<\/p>\n\n\n\n<p>Bajo el lema&nbsp;&#8216;<strong>Acompa\u00f1amiento al duelo<\/strong>&#8216;, el programa combina el rigor cient\u00edfico con el valor de las experiencias vividas por profesionales, pacientes y familiares, con el prop\u00f3sito de avanzar hacia una integraci\u00f3n m\u00e1s efectiva de esta realidad en el sistema sanitario.<\/p>\n\n\n\n<p>Entre las actividades m\u00e1s destacadas se incluyen:<\/p>\n\n\n\n<ul class=\"wp-block-list\">\n<li>Conferencia inaugural a cargo de la Dra.&nbsp;<strong>Sylvia Belda<\/strong>, pediatra intensivista del&nbsp;<strong>Hospital Universitario 12 de Octubre<\/strong>, sobre el acompa\u00f1amiento a la muerte y al duelo en cuidados intensivos.<\/li>\n\n\n\n<li>Mesas de debate sobre el acompa\u00f1amiento al final de la vida desde distintas perspectivas culturales.<\/li>\n\n\n\n<li>Conferencia del psic\u00f3logo, comunicador y escritor&nbsp;<strong>Fidel Delgado<\/strong>.<\/li>\n\n\n\n<li>Espacio para la presentaci\u00f3n de comunicaciones cient\u00edficas.<\/li>\n\n\n\n<li>Mesa dedicada al acompa\u00f1amiento en situaciones cr\u00edticas e inesperadas, con la participaci\u00f3n de profesionales, supervivientes y familiares.<\/li>\n\n\n\n<li>Intervenci\u00f3n de&nbsp;<strong>Sara Castro<\/strong>, doula de final de vida, centrada en la presencia y la escucha en el proceso de despedida.<\/li>\n\n\n\n<li>Conferencia de clausura a cargo de&nbsp;<strong>Migueli<\/strong>, que integrar\u00e1 m\u00fasica, humor y reflexi\u00f3n.<\/li>\n<\/ul>\n\n\n\n<p>Estas jornadas, de car\u00e1cter&nbsp;<strong>gratuito e internacional<\/strong>, est\u00e1n dirigidas a personal investigador, docente, profesionales del \u00e1mbito sanitario y sociosanitario, as\u00ed como a estudiantes de Grado, M\u00e1ster y Doctorado en Ciencias de la Salud y \u00e1reas afines.<\/p>\n\n\n\n<p><\/p>\n\n\n\n<div class=\"wp-block-buttons is-layout-flex wp-block-buttons-is-layout-flex\">\n<div class=\"wp-block-button is-style-outline is-style-outline--1\"><a class=\"wp-block-button__link has-white-color has-luminous-vivid-orange-background-color has-text-color has-background has-link-color wp-element-button\" href=\"https:\/\/uhu.es\/coideso\/wp-content\/uploads\/2026\/04\/diptico-competencias-al-final-de-la-vida-2026.pdf\">Programa<\/a><\/div>\n\n\n\n<div class=\"wp-block-button is-style-outline is-style-outline--2\"><a class=\"wp-block-button__link has-white-color has-luminous-vivid-orange-background-color has-text-color has-background has-link-color wp-element-button\" href=\"https:\/\/docs.google.com\/forms\/d\/e\/1FAIpQLSc4xvpJrdi9rzmocWE1q5O1wgFF80UVt1KJzCb6AhbhQJilFA\/viewform?usp=send_form\">Inscripci\u00f3n<\/a><\/div>\n<\/div>\n","protected":false},"excerpt":{"rendered":"<p>Coideso, a trav\u00e9s de la Direcci\u00f3n de Salud, convoca a la comunidad universitaria y profesional a participar en las\u00a0VIII Jornadas Internacionales de Competencia Cultural al Final de la Vida: &#8216;Acompa\u00f1ando la vulnerabilidad&#8216;, que se celebrar\u00e1n el pr\u00f3ximo\u00a014 de mayo\u00a0en el Sal\u00f3n de Grados de la Facultad de Ciencias Experimentales. Estas jornadas, organizadas junto al Grupo [&hellip;]<\/p>\n","protected":false},"author":2,"featured_media":2873,"comment_status":"closed","ping_status":"open","sticky":false,"template":"","format":"standard","meta":{"_et_pb_use_builder":"off","_et_pb_old_content":"","_et_gb_content_width":"","footnotes":""},"categories":[21,16,15,1],"tags":[149,101,708,705,104,81,706,707,704,147,83,127],"class_list":["post-2872","post","type-post","status-publish","format-standard","has-post-thumbnail","hentry","category-1-nodo-salud-bienestar-y-deporte","category-noticia-destacada2","category-noticias","category-sin-categoria","tag-ciencias-de-la-salud","tag-coideso","tag-compasion","tag-compentenciacultural","tag-duelo","tag-educacion","tag-finaldelavida","tag-humanizacion","tag-jornadassalud","tag-migueli","tag-salud-publica","tag-universidad-de-huelva"],"_links":{"self":[{"href":"https:\/\/uhu.es\/coideso\/index.php?rest_route=\/wp\/v2\/posts\/2872","targetHints":{"allow":["GET"]}}],"collection":[{"href":"https:\/\/uhu.es\/coideso\/index.php?rest_route=\/wp\/v2\/posts"}],"about":[{"href":"https:\/\/uhu.es\/coideso\/index.php?rest_route=\/wp\/v2\/types\/post"}],"author":[{"embeddable":true,"href":"https:\/\/uhu.es\/coideso\/index.php?rest_route=\/wp\/v2\/users\/2"}],"replies":[{"embeddable":true,"href":"https:\/\/uhu.es\/coideso\/index.php?rest_route=%2Fwp%2Fv2%2Fcomments&post=2872"}],"version-history":[{"count":3,"href":"https:\/\/uhu.es\/coideso\/index.php?rest_route=\/wp\/v2\/posts\/2872\/revisions"}],"predecessor-version":[{"id":2879,"href":"https:\/\/uhu.es\/coideso\/index.php?rest_route=\/wp\/v2\/posts\/2872\/revisions\/2879"}],"wp:featuredmedia":[{"embeddable":true,"href":"https:\/\/uhu.es\/coideso\/index.php?rest_route=\/wp\/v2\/media\/2873"}],"wp:attachment":[{"href":"https:\/\/uhu.es\/coideso\/index.php?rest_route=%2Fwp%2Fv2%2Fmedia&parent=2872"}],"wp:term":[{"taxonomy":"category","embeddable":true,"href":"https:\/\/uhu.es\/coideso\/index.php?rest_route=%2Fwp%2Fv2%2Fcategories&post=2872"},{"taxonomy":"post_tag","embeddable":true,"href":"https:\/\/uhu.es\/coideso\/index.php?rest_route=%2Fwp%2Fv2%2Ftags&post=2872"}],"curies":[{"name":"wp","href":"https:\/\/api.w.org\/{rel}","templated":true}]}}